{"id":219143,"date":"2024-04-02T17:45:56","date_gmt":"2024-04-02T15:45:56","guid":{"rendered":"https:\/\/ocbi81.fr\/?p=219143"},"modified":"2024-04-02T17:46:44","modified_gmt":"2024-04-02T15:46:44","slug":"les-eleves-de-la-section-bilingue-dalbi-passent-a-la-tele","status":"publish","type":"post","link":"https:\/\/ocbi81.fr\/fr\/2024\/04\/02\/les-eleves-de-la-section-bilingue-dalbi-passent-a-la-tele\/","title":{"rendered":"Les \u00e9l\u00e8ves de la section bilingue d&rsquo;Albi passent \u00e0 la t\u00e9l\u00e9"},"content":{"rendered":"<p>[et_pb_section fb_built=\u00a0\u00bb1&Prime; use_custom_gutter=\u00a0\u00bbon\u00a0\u00bb gutter_width=\u00a0\u00bb2&Prime; specialty=\u00a0\u00bbon\u00a0\u00bb padding_top_1=\u00a0\u00bb0px\u00a0\u00bb padding_top_2=\u00a0\u00bb0px\u00a0\u00bb padding_bottom_1=\u00a0\u00bb0px\u00a0\u00bb padding_bottom_2=\u00a0\u00bb0px\u00a0\u00bb padding_top_bottom_link_1=\u00a0\u00bbtrue\u00a0\u00bb padding_top_bottom_link_2=\u00a0\u00bbtrue\u00a0\u00bb admin_label=\u00a0\u00bbButton Bar\u00a0\u00bb _builder_version=\u00a0\u00bb4.19.0&Prime; background_color=\u00a0\u00bbrgba(255,255,255,0)\u00a0\u00bb inner_width=\u00a0\u00bb100%\u00a0\u00bb inner_max_width=\u00a0\u00bb100%\u00a0\u00bb custom_margin=\u00a0\u00bb15px||||false|false\u00a0\u00bb custom_padding=\u00a0\u00bb0||0px||false|false\u00a0\u00bb use_custom_width=\u00a0\u00bbon\u00a0\u00bb width_unit=\u00a0\u00bboff\u00a0\u00bb custom_width_percent=\u00a0\u00bb100%\u00a0\u00bb locked=\u00a0\u00bboff\u00a0\u00bb global_colors_info=\u00a0\u00bb{}\u00a0\u00bb][et_pb_column type=\u00a0\u00bb1_2&Prime; _builder_version=\u00a0\u00bb4.16&Prime; custom_padding=\u00a0\u00bb|||\u00a0\u00bb global_colors_info=\u00a0\u00bb{}\u00a0\u00bb padding_bottom__hover=\u00a0\u00bb0px\u00a0\u00bb padding_top__hover=\u00a0\u00bb0px\u00a0\u00bb parallax__hover=\u00a0\u00bboff\u00a0\u00bb parallax_method__hover=\u00a0\u00bbon\u00a0\u00bb custom_padding__hover=\u00a0\u00bb|||\u00a0\u00bb][et_pb_blurb title=\u00a0\u00bbRetour aux actus\u00a0\u00bb url=\u00a0\u00bb\/actualites\/\u00a0\u00bb content_max_width=\u00a0\u00bb1100px\u00a0\u00bb content_max_width_last_edited=\u00a0\u00bboff|desktop\u00a0\u00bb _builder_version=\u00a0\u00bb4.19.0&Prime; header_font=\u00a0\u00bbOpen Sans|700||on|||||\u00a0\u00bb header_font_size=\u00a0\u00bb14px\u00a0\u00bb header_letter_spacing=\u00a0\u00bb5px\u00a0\u00bb header_line_height=\u00a0\u00bb2em\u00a0\u00bb body_font=\u00a0\u00bb||||||||\u00a0\u00bb background_color=\u00a0\u00bb#2573f9&Prime; use_background_color_gradient=\u00a0\u00bbon\u00a0\u00bb background_color_gradient_direction=\u00a0\u00bb90deg\u00a0\u00bb background_color_gradient_stops=\u00a0\u00bb#ffffff 0%|#F8AF3C 100%\u00a0\u00bb background_color_gradient_start=\u00a0\u00bb#ffffff\u00a0\u00bb background_color_gradient_end=\u00a0\u00bb#F8AF3C\u00a0\u00bb text_orientation=\u00a0\u00bbright\u00a0\u00bb background_layout=\u00a0\u00bbdark\u00a0\u00bb custom_padding=\u00a0\u00bb20px|40px|12px|40px|false|true\u00a0\u00bb animation_style=\u00a0\u00bbslide\u00a0\u00bb animation_direction=\u00a0\u00bbleft\u00a0\u00bb animation_intensity_slide=\u00a0\u00bb5%\u00a0\u00bb hover_enabled=\u00a0\u00bb0&Prime; border_radii=\u00a0\u00bb||100px|100px|\u00a0\u00bb locked=\u00a0\u00bboff\u00a0\u00bb global_colors_info=\u00a0\u00bb{}\u00a0\u00bb sticky_enabled=\u00a0\u00bb0&Prime;][\/et_pb_blurb][\/et_pb_column][et_pb_column type=\u00a0\u00bb1_2&Prime; specialty_columns=\u00a0\u00bb2&Prime; _builder_version=\u00a0\u00bb4.16&Prime; custom_padding=\u00a0\u00bb|||\u00a0\u00bb global_colors_info=\u00a0\u00bb{}\u00a0\u00bb padding_bottom__hover=\u00a0\u00bb0px\u00a0\u00bb padding_top__hover=\u00a0\u00bb0px\u00a0\u00bb parallax__hover=\u00a0\u00bboff\u00a0\u00bb parallax_method__hover=\u00a0\u00bbon\u00a0\u00bb custom_padding__hover=\u00a0\u00bb|||\u00a0\u00bb][\/et_pb_column][\/et_pb_section][et_pb_section fb_built=\u00a0\u00bb1&Prime; _builder_version=\u00a0\u00bb4.19.0&Prime; _module_preset=\u00a0\u00bbdefault\u00a0\u00bb global_colors_info=\u00a0\u00bb{}\u00a0\u00bb][et_pb_row column_structure=\u00a0\u00bb2_5,3_5&Prime; _builder_version=\u00a0\u00bb4.19.0&Prime; _module_preset=\u00a0\u00bbdefault\u00a0\u00bb global_colors_info=\u00a0\u00bb{}\u00a0\u00bb][et_pb_column type=\u00a0\u00bb2_5&Prime; _builder_version=\u00a0\u00bb4.19.0&Prime; _module_preset=\u00a0\u00bbdefault\u00a0\u00bb global_colors_info=\u00a0\u00bb{}\u00a0\u00bb][et_pb_post_title title=\u00a0\u00bboff\u00a0\u00bb meta=\u00a0\u00bboff\u00a0\u00bb date_format=\u00a0\u00bbj M Y\u00a0\u00bb _builder_version=\u00a0\u00bb4.19.0&Prime; _module_preset=\u00a0\u00bbdefault\u00a0\u00bb title_font=\u00a0\u00bbShare Tech||||||||\u00a0\u00bb title_text_color=\u00a0\u00bb#000000&Prime; title_font_size=\u00a0\u00bb30px\u00a0\u00bb meta_font=\u00a0\u00bbShare Tech|700|||||||\u00a0\u00bb meta_text_color=\u00a0\u00bb#F8AF3C\u00a0\u00bb meta_font_size=\u00a0\u00bb18px\u00a0\u00bb meta_line_height=\u00a0\u00bb2em\u00a0\u00bb global_colors_info=\u00a0\u00bb{}\u00a0\u00bb][\/et_pb_post_title][\/et_pb_column][et_pb_column type=\u00a0\u00bb3_5&Prime; _builder_version=\u00a0\u00bb4.19.0&Prime; _module_preset=\u00a0\u00bbdefault\u00a0\u00bb global_colors_info=\u00a0\u00bb{}\u00a0\u00bb][et_pb_post_title author=\u00a0\u00bboff\u00a0\u00bb date_format=\u00a0\u00bbj M Y\u00a0\u00bb comments=\u00a0\u00bboff\u00a0\u00bb featured_image=\u00a0\u00bboff\u00a0\u00bb _builder_version=\u00a0\u00bb4.19.0&Prime; _module_preset=\u00a0\u00bbdefault\u00a0\u00bb title_font=\u00a0\u00bbShare Tech|700|||||||\u00a0\u00bb title_text_color=\u00a0\u00bb#EA5A35&Prime; title_font_size=\u00a0\u00bb30px\u00a0\u00bb title_line_height=\u00a0\u00bb1.5em\u00a0\u00bb meta_font=\u00a0\u00bbShare Tech|700|||||||\u00a0\u00bb meta_text_color=\u00a0\u00bb#F8AF3C\u00a0\u00bb meta_font_size=\u00a0\u00bb18px\u00a0\u00bb meta_line_height=\u00a0\u00bb2em\u00a0\u00bb global_colors_info=\u00a0\u00bb{}\u00a0\u00bb][\/et_pb_post_title][et_pb_text _builder_version=\u00a0\u00bb4.19.0&Prime; _module_preset=\u00a0\u00bbdefault\u00a0\u00bb global_colors_info=\u00a0\u00bb{}\u00a0\u00bb]<\/p>\n<p>Les \u00e9l\u00e8ves de CP\/CE1 de la section bilingue de l&rsquo;\u00e9cole Rochegude \u00e0 Albi ont tourn\u00e9 avec leur professeur Sylvain Vallette une s\u00e9rie d&rsquo;\u00e9mission pour France 3. L&#8217;emission \u201cLo mot\u201d est diffus\u00e9e le dimanche matin dans l&rsquo;\u00e9mission occitane de France 3 Occitanie : Viure al pa\u00eds. Les enfants y expliquent \u00e0 leur fa\u00e7on un mot occitan.<\/p>\n<p>[\/et_pb_text][\/et_pb_column][\/et_pb_row][et_pb_row _builder_version=\u00a0\u00bb4.19.0&Prime; _module_preset=\u00a0\u00bbdefault\u00a0\u00bb global_colors_info=\u00a0\u00bb{}\u00a0\u00bb][et_pb_column type=\u00a0\u00bb4_4&Prime; _builder_version=\u00a0\u00bb4.19.0&Prime; _module_preset=\u00a0\u00bbdefault\u00a0\u00bb global_colors_info=\u00a0\u00bb{}\u00a0\u00bb][et_pb_text _builder_version=\u00a0\u00bb4.19.0&Prime; _module_preset=\u00a0\u00bbdefault\u00a0\u00bb text_text_color=\u00a0\u00bb#000000&Prime; custom_margin=\u00a0\u00bb||10px||false|false\u00a0\u00bb global_colors_info=\u00a0\u00bb{}\u00a0\u00bb]<\/p>\n<p style=\"text-align: center;\"><strong>\u00c0 voir sur cette vid\u00e9o<\/strong><\/p>\n<p>[\/et_pb_text][et_pb_icon font_icon=\u00a0\u00bb&#x33;||divi||400&Prime; icon_color=\u00a0\u00bb#000000&Prime; icon_width=\u00a0\u00bb38px\u00a0\u00bb _builder_version=\u00a0\u00bb4.19.0&Prime; _module_preset=\u00a0\u00bbdefault\u00a0\u00bb custom_margin=\u00a0\u00bb||15px||false|false\u00a0\u00bb global_colors_info=\u00a0\u00bb{}\u00a0\u00bb][\/et_pb_icon][et_pb_video src=\u00a0\u00bbhttps:\/\/youtu.be\/InXDvokujLQ?si=OObCWln9zTX7iV01&Prime; image_src=\u00a0\u00bb\/\/i.ytimg.com\/vi\/InXDvokujLQ\/hqdefault.jpg\u00a0\u00bb play_icon_color=\u00a0\u00bb#EA5A35&Prime; _builder_version=\u00a0\u00bb4.19.0&Prime; _module_preset=\u00a0\u00bbdefault\u00a0\u00bb global_colors_info=\u00a0\u00bb{}\u00a0\u00bb play_icon_color__hover_enabled=\u00a0\u00bbon|hover\u00a0\u00bb play_icon_color__hover=\u00a0\u00bb#F8AF3C\u00a0\u00bb][\/et_pb_video][\/et_pb_column][\/et_pb_row][\/et_pb_section]<\/p>\n","protected":false},"excerpt":{"rendered":"<p>Les \u00e9l\u00e8ves de CP\/CE1 de la section bilingue de l&rsquo;\u00e9cole Rochegude \u00e0 Albi ont tourn\u00e9 avec leur professeur Sylvain Vallette une s\u00e9rie d&rsquo;\u00e9mission pour France 3. L&#8217;emission \u201cLo mot\u201d est diffus\u00e9e le dimanche matin dans l&rsquo;\u00e9mission occitane de France 3 Occitanie : Viure al pa\u00eds. Les enfants y expliquent \u00e0 leur fa\u00e7on un mot occitan.\u00c0 [&hellip;]<\/p>\n","protected":false},"author":1,"featured_media":219146,"comment_status":"closed","ping_status":"closed","sticky":false,"template":"","format":"standard","meta":{"_et_pb_use_builder":"on","_et_pb_old_content":"","_et_gb_content_width":""},"categories":[1],"tags":[],"yoast_head":"<!-- This site is optimized with the Yoast SEO plugin v19.8 - https:\/\/yoast.com\/wordpress\/plugins\/seo\/ -->\n<title>Les \u00e9l\u00e8ves de la section bilingue d&#039;Albi passent \u00e0 la t\u00e9l\u00e9 - \u00d2C-BI 81<\/title>\n<meta name=\"robots\" content=\"index, follow, max-snippet:-1, max-image-preview:large, max-video-preview:-1\" \/>\n<link rel=\"canonical\" href=\"https:\/\/ocbi81.fr\/fr\/2024\/04\/02\/les-eleves-de-la-section-bilingue-dalbi-passent-a-la-tele\/\" \/>\n<meta property=\"og:locale\" content=\"fr_FR\" \/>\n<meta property=\"og:type\" content=\"article\" \/>\n<meta property=\"og:title\" content=\"Les \u00e9l\u00e8ves de la section bilingue d&#039;Albi passent \u00e0 la t\u00e9l\u00e9 - \u00d2C-BI 81\" \/>\n<meta property=\"og:description\" content=\"Les \u00e9l\u00e8ves de CP\/CE1 de la section bilingue de l&#039;\u00e9cole Rochegude \u00e0 Albi ont tourn\u00e9 avec leur professeur Sylvain Vallette une s\u00e9rie d&#039;\u00e9mission pour France 3. L&#039;emission \u201cLo mot\u201d est diffus\u00e9e le dimanche matin dans l&#039;\u00e9mission occitane de France 3 Occitanie : Viure al pa\u00eds. Les enfants y expliquent \u00e0 leur fa\u00e7on un mot occitan.\u00c0 [&hellip;]\" \/>\n<meta property=\"og:url\" content=\"https:\/\/ocbi81.fr\/fr\/2024\/04\/02\/les-eleves-de-la-section-bilingue-dalbi-passent-a-la-tele\/\" \/>\n<meta property=\"og:site_name\" content=\"\u00d2C-BI 81\" \/>\n<meta property=\"article:published_time\" content=\"2024-04-02T15:45:56+00:00\" \/>\n<meta property=\"article:modified_time\" content=\"2024-04-02T15:46:44+00:00\" \/>\n<meta property=\"og:image\" content=\"https:\/\/ocbi81.fr\/wp-content\/uploads\/2024\/04\/section-bilignue-occitan-passage-television.webp\" \/>\n\t<meta property=\"og:image:width\" content=\"600\" \/>\n\t<meta property=\"og:image:height\" content=\"400\" \/>\n\t<meta property=\"og:image:type\" content=\"image\/webp\" \/>\n<meta name=\"author\" content=\"OcBi81\" \/>\n<meta name=\"twitter:card\" content=\"summary_large_image\" \/>\n<meta name=\"twitter:label1\" content=\"\u00c9crit par\" \/>\n\t<meta name=\"twitter:data1\" content=\"OcBi81\" \/>\n\t<meta name=\"twitter:label2\" content=\"Dur\u00e9e de lecture estim\u00e9e\" \/>\n\t<meta name=\"twitter:data2\" content=\"1 minute\" \/>\n<script type=\"application\/ld+json\" class=\"yoast-schema-graph\">{\"@context\":\"https:\/\/schema.org\",\"@graph\":[{\"@type\":\"Article\",\"@id\":\"https:\/\/ocbi81.fr\/fr\/2024\/04\/02\/les-eleves-de-la-section-bilingue-dalbi-passent-a-la-tele\/#article\",\"isPartOf\":{\"@id\":\"https:\/\/ocbi81.fr\/fr\/2024\/04\/02\/les-eleves-de-la-section-bilingue-dalbi-passent-a-la-tele\/\"},\"author\":{\"name\":\"OcBi81\",\"@id\":\"https:\/\/ocbi81.fr\/fr\/#\/schema\/person\/c7bb9982740a81ac9861f944e1791487\"},\"headline\":\"Les \u00e9l\u00e8ves de la section bilingue d&rsquo;Albi passent \u00e0 la t\u00e9l\u00e9\",\"datePublished\":\"2024-04-02T15:45:56+00:00\",\"dateModified\":\"2024-04-02T15:46:44+00:00\",\"mainEntityOfPage\":{\"@id\":\"https:\/\/ocbi81.fr\/fr\/2024\/04\/02\/les-eleves-de-la-section-bilingue-dalbi-passent-a-la-tele\/\"},\"wordCount\":655,\"publisher\":{\"@id\":\"https:\/\/ocbi81.fr\/fr\/#organization\"},\"articleSection\":[\"Non classifi\u00e9(e)\"],\"inLanguage\":\"fr-FR\"},{\"@type\":\"WebPage\",\"@id\":\"https:\/\/ocbi81.fr\/fr\/2024\/04\/02\/les-eleves-de-la-section-bilingue-dalbi-passent-a-la-tele\/\",\"url\":\"https:\/\/ocbi81.fr\/fr\/2024\/04\/02\/les-eleves-de-la-section-bilingue-dalbi-passent-a-la-tele\/\",\"name\":\"Les \u00e9l\u00e8ves de la section bilingue d'Albi passent \u00e0 la t\u00e9l\u00e9 - \u00d2C-BI 81\",\"isPartOf\":{\"@id\":\"https:\/\/ocbi81.fr\/fr\/#website\"},\"datePublished\":\"2024-04-02T15:45:56+00:00\",\"dateModified\":\"2024-04-02T15:46:44+00:00\",\"breadcrumb\":{\"@id\":\"https:\/\/ocbi81.fr\/fr\/2024\/04\/02\/les-eleves-de-la-section-bilingue-dalbi-passent-a-la-tele\/#breadcrumb\"},\"inLanguage\":\"fr-FR\",\"potentialAction\":[{\"@type\":\"ReadAction\",\"target\":[\"https:\/\/ocbi81.fr\/fr\/2024\/04\/02\/les-eleves-de-la-section-bilingue-dalbi-passent-a-la-tele\/\"]}]},{\"@type\":\"BreadcrumbList\",\"@id\":\"https:\/\/ocbi81.fr\/fr\/2024\/04\/02\/les-eleves-de-la-section-bilingue-dalbi-passent-a-la-tele\/#breadcrumb\",\"itemListElement\":[{\"@type\":\"ListItem\",\"position\":1,\"name\":\"Accueil\",\"item\":\"https:\/\/ocbi81.fr\/fr\/\"},{\"@type\":\"ListItem\",\"position\":2,\"name\":\"Les \u00e9l\u00e8ves de la section bilingue d&rsquo;Albi passent \u00e0 la t\u00e9l\u00e9\"}]},{\"@type\":\"WebSite\",\"@id\":\"https:\/\/ocbi81.fr\/fr\/#website\",\"url\":\"https:\/\/ocbi81.fr\/fr\/\",\"name\":\"\u00d2C-BI 81\",\"description\":\"Association pour le bilinguisme fran\u00e7ais-occitan\",\"publisher\":{\"@id\":\"https:\/\/ocbi81.fr\/fr\/#organization\"},\"potentialAction\":[{\"@type\":\"SearchAction\",\"target\":{\"@type\":\"EntryPoint\",\"urlTemplate\":\"https:\/\/ocbi81.fr\/fr\/?s={search_term_string}\"},\"query-input\":\"required name=search_term_string\"}],\"inLanguage\":\"fr-FR\"},{\"@type\":\"Organization\",\"@id\":\"https:\/\/ocbi81.fr\/fr\/#organization\",\"name\":\"\u00d2c Bi 81\",\"url\":\"https:\/\/ocbi81.fr\/fr\/\",\"sameAs\":[],\"logo\":{\"@type\":\"ImageObject\",\"inLanguage\":\"fr-FR\",\"@id\":\"https:\/\/ocbi81.fr\/fr\/#\/schema\/logo\/image\/\",\"url\":\"https:\/\/ocbi81.fr\/wp-content\/uploads\/2018\/07\/Logo81-ORANGE-245px.jpg\",\"contentUrl\":\"https:\/\/ocbi81.fr\/wp-content\/uploads\/2018\/07\/Logo81-ORANGE-245px.jpg\",\"width\":245,\"height\":245,\"caption\":\"\u00d2c Bi 81\"},\"image\":{\"@id\":\"https:\/\/ocbi81.fr\/fr\/#\/schema\/logo\/image\/\"}},{\"@type\":\"Person\",\"@id\":\"https:\/\/ocbi81.fr\/fr\/#\/schema\/person\/c7bb9982740a81ac9861f944e1791487\",\"name\":\"OcBi81\",\"image\":{\"@type\":\"ImageObject\",\"inLanguage\":\"fr-FR\",\"@id\":\"https:\/\/ocbi81.fr\/fr\/#\/schema\/person\/image\/\",\"url\":\"https:\/\/secure.gravatar.com\/avatar\/27db2a9d51840b0149e8f0e4c488ea36?s=96&d=mm&r=g\",\"contentUrl\":\"https:\/\/secure.gravatar.com\/avatar\/27db2a9d51840b0149e8f0e4c488ea36?s=96&d=mm&r=g\",\"caption\":\"OcBi81\"}}]}<\/script>\n<!-- \/ Yoast SEO plugin. -->","yoast_head_json":{"title":"Les \u00e9l\u00e8ves de la section bilingue d'Albi passent \u00e0 la t\u00e9l\u00e9 - \u00d2C-BI 81","robots":{"index":"index","follow":"follow","max-snippet":"max-snippet:-1","max-image-preview":"max-image-preview:large","max-video-preview":"max-video-preview:-1"},"canonical":"https:\/\/ocbi81.fr\/fr\/2024\/04\/02\/les-eleves-de-la-section-bilingue-dalbi-passent-a-la-tele\/","og_locale":"fr_FR","og_type":"article","og_title":"Les \u00e9l\u00e8ves de la section bilingue d'Albi passent \u00e0 la t\u00e9l\u00e9 - \u00d2C-BI 81","og_description":"Les \u00e9l\u00e8ves de CP\/CE1 de la section bilingue de l'\u00e9cole Rochegude \u00e0 Albi ont tourn\u00e9 avec leur professeur Sylvain Vallette une s\u00e9rie d'\u00e9mission pour France 3. L'emission \u201cLo mot\u201d est diffus\u00e9e le dimanche matin dans l'\u00e9mission occitane de France 3 Occitanie : Viure al pa\u00eds. Les enfants y expliquent \u00e0 leur fa\u00e7on un mot occitan.\u00c0 [&hellip;]","og_url":"https:\/\/ocbi81.fr\/fr\/2024\/04\/02\/les-eleves-de-la-section-bilingue-dalbi-passent-a-la-tele\/","og_site_name":"\u00d2C-BI 81","article_published_time":"2024-04-02T15:45:56+00:00","article_modified_time":"2024-04-02T15:46:44+00:00","og_image":[{"width":600,"height":400,"url":"https:\/\/ocbi81.fr\/wp-content\/uploads\/2024\/04\/section-bilignue-occitan-passage-television.webp","type":"image\/webp"}],"author":"OcBi81","twitter_card":"summary_large_image","twitter_misc":{"\u00c9crit par":"OcBi81","Dur\u00e9e de lecture estim\u00e9e":"1 minute"},"schema":{"@context":"https:\/\/schema.org","@graph":[{"@type":"Article","@id":"https:\/\/ocbi81.fr\/fr\/2024\/04\/02\/les-eleves-de-la-section-bilingue-dalbi-passent-a-la-tele\/#article","isPartOf":{"@id":"https:\/\/ocbi81.fr\/fr\/2024\/04\/02\/les-eleves-de-la-section-bilingue-dalbi-passent-a-la-tele\/"},"author":{"name":"OcBi81","@id":"https:\/\/ocbi81.fr\/fr\/#\/schema\/person\/c7bb9982740a81ac9861f944e1791487"},"headline":"Les \u00e9l\u00e8ves de la section bilingue d&rsquo;Albi passent \u00e0 la t\u00e9l\u00e9","datePublished":"2024-04-02T15:45:56+00:00","dateModified":"2024-04-02T15:46:44+00:00","mainEntityOfPage":{"@id":"https:\/\/ocbi81.fr\/fr\/2024\/04\/02\/les-eleves-de-la-section-bilingue-dalbi-passent-a-la-tele\/"},"wordCount":655,"publisher":{"@id":"https:\/\/ocbi81.fr\/fr\/#organization"},"articleSection":["Non classifi\u00e9(e)"],"inLanguage":"fr-FR"},{"@type":"WebPage","@id":"https:\/\/ocbi81.fr\/fr\/2024\/04\/02\/les-eleves-de-la-section-bilingue-dalbi-passent-a-la-tele\/","url":"https:\/\/ocbi81.fr\/fr\/2024\/04\/02\/les-eleves-de-la-section-bilingue-dalbi-passent-a-la-tele\/","name":"Les \u00e9l\u00e8ves de la section bilingue d'Albi passent \u00e0 la t\u00e9l\u00e9 - \u00d2C-BI 81","isPartOf":{"@id":"https:\/\/ocbi81.fr\/fr\/#website"},"datePublished":"2024-04-02T15:45:56+00:00","dateModified":"2024-04-02T15:46:44+00:00","breadcrumb":{"@id":"https:\/\/ocbi81.fr\/fr\/2024\/04\/02\/les-eleves-de-la-section-bilingue-dalbi-passent-a-la-tele\/#breadcrumb"},"inLanguage":"fr-FR","potentialAction":[{"@type":"ReadAction","target":["https:\/\/ocbi81.fr\/fr\/2024\/04\/02\/les-eleves-de-la-section-bilingue-dalbi-passent-a-la-tele\/"]}]},{"@type":"BreadcrumbList","@id":"https:\/\/ocbi81.fr\/fr\/2024\/04\/02\/les-eleves-de-la-section-bilingue-dalbi-passent-a-la-tele\/#breadcrumb","itemListElement":[{"@type":"ListItem","position":1,"name":"Accueil","item":"https:\/\/ocbi81.fr\/fr\/"},{"@type":"ListItem","position":2,"name":"Les \u00e9l\u00e8ves de la section bilingue d&rsquo;Albi passent \u00e0 la t\u00e9l\u00e9"}]},{"@type":"WebSite","@id":"https:\/\/ocbi81.fr\/fr\/#website","url":"https:\/\/ocbi81.fr\/fr\/","name":"\u00d2C-BI 81","description":"Association pour le bilinguisme fran\u00e7ais-occitan","publisher":{"@id":"https:\/\/ocbi81.fr\/fr\/#organization"},"potentialAction":[{"@type":"SearchAction","target":{"@type":"EntryPoint","urlTemplate":"https:\/\/ocbi81.fr\/fr\/?s={search_term_string}"},"query-input":"required name=search_term_string"}],"inLanguage":"fr-FR"},{"@type":"Organization","@id":"https:\/\/ocbi81.fr\/fr\/#organization","name":"\u00d2c Bi 81","url":"https:\/\/ocbi81.fr\/fr\/","sameAs":[],"logo":{"@type":"ImageObject","inLanguage":"fr-FR","@id":"https:\/\/ocbi81.fr\/fr\/#\/schema\/logo\/image\/","url":"https:\/\/ocbi81.fr\/wp-content\/uploads\/2018\/07\/Logo81-ORANGE-245px.jpg","contentUrl":"https:\/\/ocbi81.fr\/wp-content\/uploads\/2018\/07\/Logo81-ORANGE-245px.jpg","width":245,"height":245,"caption":"\u00d2c Bi 81"},"image":{"@id":"https:\/\/ocbi81.fr\/fr\/#\/schema\/logo\/image\/"}},{"@type":"Person","@id":"https:\/\/ocbi81.fr\/fr\/#\/schema\/person\/c7bb9982740a81ac9861f944e1791487","name":"OcBi81","image":{"@type":"ImageObject","inLanguage":"fr-FR","@id":"https:\/\/ocbi81.fr\/fr\/#\/schema\/person\/image\/","url":"https:\/\/secure.gravatar.com\/avatar\/27db2a9d51840b0149e8f0e4c488ea36?s=96&d=mm&r=g","contentUrl":"https:\/\/secure.gravatar.com\/avatar\/27db2a9d51840b0149e8f0e4c488ea36?s=96&d=mm&r=g","caption":"OcBi81"}}]}},"_links":{"self":[{"href":"https:\/\/ocbi81.fr\/fr\/wp-json\/wp\/v2\/posts\/219143"}],"collection":[{"href":"https:\/\/ocbi81.fr\/fr\/wp-json\/wp\/v2\/posts"}],"about":[{"href":"https:\/\/ocbi81.fr\/fr\/wp-json\/wp\/v2\/types\/post"}],"author":[{"embeddable":true,"href":"https:\/\/ocbi81.fr\/fr\/wp-json\/wp\/v2\/users\/1"}],"replies":[{"embeddable":true,"href":"https:\/\/ocbi81.fr\/fr\/wp-json\/wp\/v2\/comments?post=219143"}],"version-history":[{"count":6,"href":"https:\/\/ocbi81.fr\/fr\/wp-json\/wp\/v2\/posts\/219143\/revisions"}],"predecessor-version":[{"id":219154,"href":"https:\/\/ocbi81.fr\/fr\/wp-json\/wp\/v2\/posts\/219143\/revisions\/219154"}],"wp:featuredmedia":[{"embeddable":true,"href":"https:\/\/ocbi81.fr\/fr\/wp-json\/wp\/v2\/media\/219146"}],"wp:attachment":[{"href":"https:\/\/ocbi81.fr\/fr\/wp-json\/wp\/v2\/media?parent=219143"}],"wp:term":[{"taxonomy":"category","embeddable":true,"href":"https:\/\/ocbi81.fr\/fr\/wp-json\/wp\/v2\/categories?post=219143"},{"taxonomy":"post_tag","embeddable":true,"href":"https:\/\/ocbi81.fr\/fr\/wp-json\/wp\/v2\/tags?post=219143"}],"curies":[{"name":"wp","href":"https:\/\/api.w.org\/{rel}","templated":true}]}}